{"id":8811,"date":"2022-11-30T00:00:00","date_gmt":"2022-11-30T00:00:00","guid":{"rendered":"https:\/\/gamarra.eus\/2022\/11\/30\/entre-los-dias-28-de-noviembre-y-4-de-diciembre-los-alumnos-de-segundo-curso-de-direccion-de-cocina-d-junto-con-dos-profesores-de-la-escuela-estamos-llevando-a-cabo-una-movilidad-de-colaboraci\/"},"modified":"2022-11-30T06:02:35","modified_gmt":"2022-11-30T06:02:35","slug":"azaroaren-28tik-abenduaren-4ra-bitartean-d-sukaldaritza-zuzendaritzako-bigarren-mailako-ikasleak-eskolako-bi-irakaslerekin-batera-lankidetza-mugikortasuna-gauzatzen-ari-gara-sehit-erol-olcok-mesle","status":"publish","type":"post","link":"https:\/\/gamarra.eus\/eu\/2022\/11\/30\/azaroaren-28tik-abenduaren-4ra-bitartean-d-sukaldaritza-zuzendaritzako-bigarren-mailako-ikasleak-eskolako-bi-irakaslerekin-batera-lankidetza-mugikortasuna-gauzatzen-ari-gara-sehit-erol-olcok-mesle\/","title":{"rendered":"Azaroaren 28tik abenduaren 4ra bitartean, D Sukaldaritza Zuzendaritzako bigarren mailako ikasleak, eskolako bi irakaslerekin batera, lankidetza-mugikortasuna gauzatzen ari gara. \u015eehit Erol Ol\u00e7ok Mesleki ve Teknik Anadolu liceo en Bursa, Turk\u00eda."},"content":{"rendered":"<div class=\"wpb-content-wrapper\"><div class=\"vc_row wpb_row vc_row-fluid\"><div class=\"wpb_column vc_column_container vc_col-sm-12\"><div class=\"vc_column-inner vc_custom_1650882373253\"><div class=\"wpb_wrapper\">\n\t<div class=\"wpb_text_column wpb_content_element\" >\n\t\t<div class=\"wpb_wrapper\">\n\t\t\t<p>Mugikortasun honen bidez Turkiako sukaldaritzaren teknika desberdinak ikasten ari gara eta, aldi berean, haien ohitura gastronomikoak behatzen ari gara.<\/p>\n<p>Aldi berean, gure zentroen arteko lankidetza-loturak ezarri eta etorkizuneko berrikuntza eta lankidetza proiektuak garatzeko asmoa dugu.<\/p>\n<p>Garatzen ari garen jardueren eta bisiten egitaraua oso anitza izaten ari da, baina behatzen dugun gauzarik aipagarriena eskola komunitate oso honek bere helburuak lortzeko duen ilusio eta errendimendu handia da.<\/p>\n\n\t\t<\/div>\n\t<\/div>\n\n\t<div class=\"wpb_text_column wpb_content_element\" >\n\t\t<div class=\"wpb_wrapper\">\n\t\t\t<h5 class=\"tit_noti_documentos\">Dokumentu eta loturak<\/h5>\n\n\t\t<\/div>\n\t<\/div>\n<\/div><\/div><\/div><\/div><div class=\"vc_row wpb_row vc_row-fluid\"><div class=\"wpb_column vc_column_container vc_col-sm-12\"><div class=\"vc_column-inner\"><div class=\"wpb_wrapper\"><div class=\"uavc-list-icon uavc-list-icon-wrapper ult-adjust-bottom-margin   \"><ul class=\"uavc-list\"><\/ul><\/div><\/div><\/div><\/div><\/div><div class=\"vc_row wpb_row vc_row-fluid\"><div class=\"wpb_column vc_column_container vc_col-sm-12\"><div class=\"vc_column-inner\"><div class=\"wpb_wrapper\"><div class=\"uavc-list-icon uavc-list-icon-wrapper ult-adjust-bottom-margin   \"><ul class=\"uavc-list\"><\/ul><\/div><\/div><\/div><\/div><\/div>\n<\/div>","protected":false},"excerpt":{"rendered":"Mugikortasun honen bidez Turkiako sukaldaritzaren teknika desberdinak ikasten ari gara eta, aldi berean, haien ohitura gastronomikoak behatzen ari gara. Aldi berean, gure zentroen arteko lankidetza-loturak ezarri eta etorkizuneko berrikuntza eta lankidetza proiektuak garatzeko asmoa dugu. Garatzen ari garen jardueren eta bisiten egitaraua oso anitza izaten ari da, baina behatzen dugun gauzarik aipagarriena eskola komunitate oso&hellip;","protected":false},"author":1,"featured_media":8808,"comment_status":"open","ping_status":"open","sticky":false,"template":"","format":"standard","meta":{"_acf_changed":false,"_settagord":"","footnotes":""},"categories":[96],"tags":[121],"post_series":[],"class_list":["post-8811","post","type-post","status-publish","format-standard","has-post-thumbnail","hentry","category-orokorra","tag-arrunta-eu","entry","has-media"],"acf":[],"aioseo_notices":[],"_links":{"self":[{"href":"https:\/\/gamarra.eus\/eu\/wp-json\/wp\/v2\/posts\/8811","targetHints":{"allow":["GET"]}}],"collection":[{"href":"https:\/\/gamarra.eus\/eu\/wp-json\/wp\/v2\/posts"}],"about":[{"href":"https:\/\/gamarra.eus\/eu\/wp-json\/wp\/v2\/types\/post"}],"author":[{"embeddable":true,"href":"https:\/\/gamarra.eus\/eu\/wp-json\/wp\/v2\/users\/1"}],"replies":[{"embeddable":true,"href":"https:\/\/gamarra.eus\/eu\/wp-json\/wp\/v2\/comments?post=8811"}],"version-history":[{"count":1,"href":"https:\/\/gamarra.eus\/eu\/wp-json\/wp\/v2\/posts\/8811\/revisions"}],"predecessor-version":[{"id":8812,"href":"https:\/\/gamarra.eus\/eu\/wp-json\/wp\/v2\/posts\/8811\/revisions\/8812"}],"wp:featuredmedia":[{"embeddable":true,"href":"https:\/\/gamarra.eus\/eu\/wp-json\/wp\/v2\/media\/8808"}],"wp:attachment":[{"href":"https:\/\/gamarra.eus\/eu\/wp-json\/wp\/v2\/media?parent=8811"}],"wp:term":[{"taxonomy":"category","embeddable":true,"href":"https:\/\/gamarra.eus\/eu\/wp-json\/wp\/v2\/categories?post=8811"},{"taxonomy":"post_tag","embeddable":true,"href":"https:\/\/gamarra.eus\/eu\/wp-json\/wp\/v2\/tags?post=8811"},{"taxonomy":"post_series","embeddable":true,"href":"https:\/\/gamarra.eus\/eu\/wp-json\/wp\/v2\/post_series?post=8811"}],"curies":[{"name":"wp","href":"https:\/\/api.w.org\/{rel}","templated":true}]}}